
{"id":127437,"date":"2024-04-16T08:25:52","date_gmt":"2024-04-16T08:25:52","guid":{"rendered":"https:\/\/arredareidee.com\/?p=127437"},"modified":"2024-04-16T08:26:05","modified_gmt":"2024-04-16T08:26:05","slug":"arco-in-mattoni","status":"publish","type":"post","link":"https:\/\/arredareidee.com\/index.php\/2024\/04\/16\/arco-in-mattoni\/","title":{"rendered":"L&#8217;arco in mattoni"},"content":{"rendered":"<p style=\"text-align: center;\"><span style=\"font-size: 14pt;\">L&#8217;<strong>arco in mattoni<\/strong> \u00e8 un elemento strutturale che ha caratterizzato l&#8217;architettura fin dall&#8217;antichit\u00e0. Grazie alla sua forma curva e alla sua capacit\u00e0 di sopportare grandi carichi, l&#8217;<strong>arco in mattoni<\/strong> \u00e8 considerato uno degli elementi strutturali per eccellenza.<\/span><\/p>\n<p style=\"text-align: center;\"><span style=\"font-size: 14pt;\">L&#8217;<strong>arco in mattoni <\/strong>\u00e8 composto da una serie di mattoni sovrapposti e legati tra loro con malta, disposti in modo da formare una curva. Questa forma curva permette di distribuire il peso in maniera uniforme lungo tutta la struttura, creando cos\u00ec una maggiore resistenza alla compressione. Questa caratteristica rende gli<strong> archi in mattoni<\/strong> particolarmente adatti per sopportare grandi carichi, come ad esempio il peso di un tetto o di una parete.<\/span><\/p>\n<p style=\"text-align: center;\"><span style=\"font-size: 14pt;\">Gli <strong>archi in mattoni<\/strong> sono utilizzati in diversi contesti architettonici, sia all&#8217;interno che all&#8217;esterno degli edifici. All&#8217;interno, gli archi possono essere utilizzati per creare spazi aperti e luminosi, come ad esempio per separare una sala da pranzo da un soggiorno. All&#8217;esterno, gli archi possono essere utilizzati per creare porticati, portoni d&#8217;ingresso o finestre ad arco, conferendo all&#8217;edificio un&#8217;imponente e maestosa presenza.<\/span><\/p>\n<p style=\"text-align: center;\"><span style=\"font-size: 14pt;\">Inoltre, l&#8217;<strong>arco in mattoni<\/strong> \u00e8 anche un elemento esteticamente molto apprezzato. La sua forma curva e il suo fascino rustico conferiscono all&#8217;edificio un tocco di eleganza e fascino senza tempo. Inoltre, l&#8217;utilizzo dei mattoni come materiale da costruzione conferisce agli archi una bellezza naturale e autentica, che si integra perfettamente con il contesto circostante.<\/span><\/p>\n<p style=\"text-align: center;\"><span style=\"font-size: 14pt;\">In conclusione, l&#8217;<strong>arco in mattoni<\/strong> \u00e8 un elemento strutturale che unisce resistenza, funzionalit\u00e0 ed estetica in maniera perfetta. Grazie alla sua forma curva e alla sua capacit\u00e0 di sopportare grandi carichi, l&#8217;arco in mattoni \u00e8 considerato un elemento architettonico di grande pregio, capace di conferire agli edifici un&#8217;imponente presenza e un&#8217;eleganza senza tempo.<\/span><\/p>\n","protected":false},"excerpt":{"rendered":"<p>L&#8217;arco in mattoni \u00e8 un elemento strutturale che ha caratterizzato l&#8217;architettura fin dall&#8217;antichit\u00e0. Grazie alla sua forma curva e alla sua capacit\u00e0 di sopportare grandi carichi, l&#8217;arco in mattoni \u00e8<\/p>\n","protected":false},"author":2,"featured_media":127426,"comment_status":"closed","ping_status":"closed","sticky":false,"template":"","format":"standard","meta":{"footnotes":""},"categories":[1],"tags":[],"class_list":["post-127437","post","type-post","status-publish","format-standard","has-post-thumbnail","hentry","category-uncategorized"],"yoast_head":"<!-- This site is optimized with the Yoast SEO plugin v26.4 - https:\/\/yoast.com\/wordpress\/plugins\/seo\/ -->\n<title>L&#039;arco in mattoni - Arredareidee<\/title>\n<meta name=\"description\" content=\"L&#039;arco in mattoni \u00e8 un elemento strutturale che ha caratterizzato l&#039;architettura fin dall&#039;antichit\u00e0. Grazie alla sua forma curva\" \/>\n<meta name=\"robots\" content=\"index, follow, max-snippet:-1, max-image-preview:large, max-video-preview:-1\" \/>\n<link rel=\"canonical\" href=\"https:\/\/arredareidee.com\/index.php\/2024\/04\/16\/arco-in-mattoni\/\" \/>\n<meta property=\"og:locale\" content=\"it_IT\" \/>\n<meta property=\"og:type\" content=\"article\" \/>\n<meta property=\"og:title\" content=\"L&#039;arco in mattoni - Arredareidee\" \/>\n<meta property=\"og:description\" content=\"L&#039;arco in mattoni \u00e8 un elemento strutturale che ha caratterizzato l&#039;architettura fin dall&#039;antichit\u00e0. Grazie alla sua forma curva\" \/>\n<meta property=\"og:url\" content=\"https:\/\/arredareidee.com\/index.php\/2024\/04\/16\/arco-in-mattoni\/\" \/>\n<meta property=\"og:site_name\" content=\"Arredareidee\" \/>\n<meta property=\"article:published_time\" content=\"2024-04-16T08:25:52+00:00\" \/>\n<meta property=\"article:modified_time\" content=\"2024-04-16T08:26:05+00:00\" \/>\n<meta property=\"og:image\" content=\"https:\/\/arredareidee.com\/wp-content\/uploads\/2024\/04\/arc-1995560_1280.jpg\" \/>\n\t<meta property=\"og:image:width\" content=\"960\" \/>\n\t<meta property=\"og:image:height\" content=\"1280\" \/>\n\t<meta property=\"og:image:type\" content=\"image\/jpeg\" \/>\n<meta name=\"author\" content=\"Ylenia Alpino\" \/>\n<meta name=\"twitter:card\" content=\"summary_large_image\" \/>\n<meta name=\"twitter:label1\" content=\"Scritto da\" \/>\n\t<meta name=\"twitter:data1\" content=\"Ylenia Alpino\" \/>\n\t<meta name=\"twitter:label2\" content=\"Tempo di lettura stimato\" \/>\n\t<meta name=\"twitter:data2\" content=\"2 minuti\" \/>\n<script type=\"application\/ld+json\" class=\"yoast-schema-graph\">{\"@context\":\"https:\/\/schema.org\",\"@graph\":[{\"@type\":\"Article\",\"@id\":\"https:\/\/arredareidee.com\/index.php\/2024\/04\/16\/arco-in-mattoni\/#article\",\"isPartOf\":{\"@id\":\"https:\/\/arredareidee.com\/index.php\/2024\/04\/16\/arco-in-mattoni\/\"},\"author\":{\"name\":\"Ylenia Alpino\",\"@id\":\"https:\/\/arredareidee.com\/#\/schema\/person\/973e86a663c5fdaad7c0b2df61c74cb4\"},\"headline\":\"L&#8217;arco in mattoni\",\"datePublished\":\"2024-04-16T08:25:52+00:00\",\"dateModified\":\"2024-04-16T08:26:05+00:00\",\"mainEntityOfPage\":{\"@id\":\"https:\/\/arredareidee.com\/index.php\/2024\/04\/16\/arco-in-mattoni\/\"},\"wordCount\":293,\"publisher\":{\"@id\":\"https:\/\/arredareidee.com\/#organization\"},\"image\":{\"@id\":\"https:\/\/arredareidee.com\/index.php\/2024\/04\/16\/arco-in-mattoni\/#primaryimage\"},\"thumbnailUrl\":\"https:\/\/arredareidee.com\/wp-content\/uploads\/2024\/04\/arc-1995560_1280.jpg\",\"articleSection\":[\"Uncategorized\"],\"inLanguage\":\"it-IT\"},{\"@type\":\"WebPage\",\"@id\":\"https:\/\/arredareidee.com\/index.php\/2024\/04\/16\/arco-in-mattoni\/\",\"url\":\"https:\/\/arredareidee.com\/index.php\/2024\/04\/16\/arco-in-mattoni\/\",\"name\":\"L'arco in mattoni - Arredareidee\",\"isPartOf\":{\"@id\":\"https:\/\/arredareidee.com\/#website\"},\"primaryImageOfPage\":{\"@id\":\"https:\/\/arredareidee.com\/index.php\/2024\/04\/16\/arco-in-mattoni\/#primaryimage\"},\"image\":{\"@id\":\"https:\/\/arredareidee.com\/index.php\/2024\/04\/16\/arco-in-mattoni\/#primaryimage\"},\"thumbnailUrl\":\"https:\/\/arredareidee.com\/wp-content\/uploads\/2024\/04\/arc-1995560_1280.jpg\",\"datePublished\":\"2024-04-16T08:25:52+00:00\",\"dateModified\":\"2024-04-16T08:26:05+00:00\",\"description\":\"L'arco in mattoni \u00e8 un elemento strutturale che ha caratterizzato l'architettura fin dall'antichit\u00e0. Grazie alla sua forma curva\",\"breadcrumb\":{\"@id\":\"https:\/\/arredareidee.com\/index.php\/2024\/04\/16\/arco-in-mattoni\/#breadcrumb\"},\"inLanguage\":\"it-IT\",\"potentialAction\":[{\"@type\":\"ReadAction\",\"target\":[\"https:\/\/arredareidee.com\/index.php\/2024\/04\/16\/arco-in-mattoni\/\"]}]},{\"@type\":\"ImageObject\",\"inLanguage\":\"it-IT\",\"@id\":\"https:\/\/arredareidee.com\/index.php\/2024\/04\/16\/arco-in-mattoni\/#primaryimage\",\"url\":\"https:\/\/arredareidee.com\/wp-content\/uploads\/2024\/04\/arc-1995560_1280.jpg\",\"contentUrl\":\"https:\/\/arredareidee.com\/wp-content\/uploads\/2024\/04\/arc-1995560_1280.jpg\",\"width\":960,\"height\":1280},{\"@type\":\"BreadcrumbList\",\"@id\":\"https:\/\/arredareidee.com\/index.php\/2024\/04\/16\/arco-in-mattoni\/#breadcrumb\",\"itemListElement\":[{\"@type\":\"ListItem\",\"position\":1,\"name\":\"Home\",\"item\":\"https:\/\/arredareidee.com\/\"},{\"@type\":\"ListItem\",\"position\":2,\"name\":\"L&#8217;arco in mattoni\"}]},{\"@type\":\"WebSite\",\"@id\":\"https:\/\/arredareidee.com\/#website\",\"url\":\"https:\/\/arredareidee.com\/\",\"name\":\"Arredareidee\",\"description\":\"Decorazioni personalizzate\",\"publisher\":{\"@id\":\"https:\/\/arredareidee.com\/#organization\"},\"potentialAction\":[{\"@type\":\"SearchAction\",\"target\":{\"@type\":\"EntryPoint\",\"urlTemplate\":\"https:\/\/arredareidee.com\/?s={search_term_string}\"},\"query-input\":{\"@type\":\"PropertyValueSpecification\",\"valueRequired\":true,\"valueName\":\"search_term_string\"}}],\"inLanguage\":\"it-IT\"},{\"@type\":\"Organization\",\"@id\":\"https:\/\/arredareidee.com\/#organization\",\"name\":\"Arredareidee\",\"url\":\"https:\/\/arredareidee.com\/\",\"logo\":{\"@type\":\"ImageObject\",\"inLanguage\":\"it-IT\",\"@id\":\"https:\/\/arredareidee.com\/#\/schema\/logo\/image\/\",\"url\":\"https:\/\/arredareidee.com\/wp-content\/uploads\/2021\/01\/cropped-Arredareidee.png\",\"contentUrl\":\"https:\/\/arredareidee.com\/wp-content\/uploads\/2021\/01\/cropped-Arredareidee.png\",\"width\":868,\"height\":157,\"caption\":\"Arredareidee\"},\"image\":{\"@id\":\"https:\/\/arredareidee.com\/#\/schema\/logo\/image\/\"}},{\"@type\":\"Person\",\"@id\":\"https:\/\/arredareidee.com\/#\/schema\/person\/973e86a663c5fdaad7c0b2df61c74cb4\",\"name\":\"Ylenia Alpino\",\"image\":{\"@type\":\"ImageObject\",\"inLanguage\":\"it-IT\",\"@id\":\"https:\/\/arredareidee.com\/#\/schema\/person\/image\/\",\"url\":\"https:\/\/secure.gravatar.com\/avatar\/cf6eb2c21ce9ad0169abec6cbcf759ef3df417399561a5c5cb1a416cb1c046bd?s=96&d=mm&r=g\",\"contentUrl\":\"https:\/\/secure.gravatar.com\/avatar\/cf6eb2c21ce9ad0169abec6cbcf759ef3df417399561a5c5cb1a416cb1c046bd?s=96&d=mm&r=g\",\"caption\":\"Ylenia Alpino\"},\"url\":\"https:\/\/arredareidee.com\/index.php\/author\/ylenia-alpino\/\"}]}<\/script>\n<!-- \/ Yoast SEO plugin. -->","yoast_head_json":{"title":"L'arco in mattoni - Arredareidee","description":"L'arco in mattoni \u00e8 un elemento strutturale che ha caratterizzato l'architettura fin dall'antichit\u00e0. Grazie alla sua forma curva","robots":{"index":"index","follow":"follow","max-snippet":"max-snippet:-1","max-image-preview":"max-image-preview:large","max-video-preview":"max-video-preview:-1"},"canonical":"https:\/\/arredareidee.com\/index.php\/2024\/04\/16\/arco-in-mattoni\/","og_locale":"it_IT","og_type":"article","og_title":"L'arco in mattoni - Arredareidee","og_description":"L'arco in mattoni \u00e8 un elemento strutturale che ha caratterizzato l'architettura fin dall'antichit\u00e0. Grazie alla sua forma curva","og_url":"https:\/\/arredareidee.com\/index.php\/2024\/04\/16\/arco-in-mattoni\/","og_site_name":"Arredareidee","article_published_time":"2024-04-16T08:25:52+00:00","article_modified_time":"2024-04-16T08:26:05+00:00","og_image":[{"width":960,"height":1280,"url":"https:\/\/arredareidee.com\/wp-content\/uploads\/2024\/04\/arc-1995560_1280.jpg","type":"image\/jpeg"}],"author":"Ylenia Alpino","twitter_card":"summary_large_image","twitter_misc":{"Scritto da":"Ylenia Alpino","Tempo di lettura stimato":"2 minuti"},"schema":{"@context":"https:\/\/schema.org","@graph":[{"@type":"Article","@id":"https:\/\/arredareidee.com\/index.php\/2024\/04\/16\/arco-in-mattoni\/#article","isPartOf":{"@id":"https:\/\/arredareidee.com\/index.php\/2024\/04\/16\/arco-in-mattoni\/"},"author":{"name":"Ylenia Alpino","@id":"https:\/\/arredareidee.com\/#\/schema\/person\/973e86a663c5fdaad7c0b2df61c74cb4"},"headline":"L&#8217;arco in mattoni","datePublished":"2024-04-16T08:25:52+00:00","dateModified":"2024-04-16T08:26:05+00:00","mainEntityOfPage":{"@id":"https:\/\/arredareidee.com\/index.php\/2024\/04\/16\/arco-in-mattoni\/"},"wordCount":293,"publisher":{"@id":"https:\/\/arredareidee.com\/#organization"},"image":{"@id":"https:\/\/arredareidee.com\/index.php\/2024\/04\/16\/arco-in-mattoni\/#primaryimage"},"thumbnailUrl":"https:\/\/arredareidee.com\/wp-content\/uploads\/2024\/04\/arc-1995560_1280.jpg","articleSection":["Uncategorized"],"inLanguage":"it-IT"},{"@type":"WebPage","@id":"https:\/\/arredareidee.com\/index.php\/2024\/04\/16\/arco-in-mattoni\/","url":"https:\/\/arredareidee.com\/index.php\/2024\/04\/16\/arco-in-mattoni\/","name":"L'arco in mattoni - Arredareidee","isPartOf":{"@id":"https:\/\/arredareidee.com\/#website"},"primaryImageOfPage":{"@id":"https:\/\/arredareidee.com\/index.php\/2024\/04\/16\/arco-in-mattoni\/#primaryimage"},"image":{"@id":"https:\/\/arredareidee.com\/index.php\/2024\/04\/16\/arco-in-mattoni\/#primaryimage"},"thumbnailUrl":"https:\/\/arredareidee.com\/wp-content\/uploads\/2024\/04\/arc-1995560_1280.jpg","datePublished":"2024-04-16T08:25:52+00:00","dateModified":"2024-04-16T08:26:05+00:00","description":"L'arco in mattoni \u00e8 un elemento strutturale che ha caratterizzato l'architettura fin dall'antichit\u00e0. Grazie alla sua forma curva","breadcrumb":{"@id":"https:\/\/arredareidee.com\/index.php\/2024\/04\/16\/arco-in-mattoni\/#breadcrumb"},"inLanguage":"it-IT","potentialAction":[{"@type":"ReadAction","target":["https:\/\/arredareidee.com\/index.php\/2024\/04\/16\/arco-in-mattoni\/"]}]},{"@type":"ImageObject","inLanguage":"it-IT","@id":"https:\/\/arredareidee.com\/index.php\/2024\/04\/16\/arco-in-mattoni\/#primaryimage","url":"https:\/\/arredareidee.com\/wp-content\/uploads\/2024\/04\/arc-1995560_1280.jpg","contentUrl":"https:\/\/arredareidee.com\/wp-content\/uploads\/2024\/04\/arc-1995560_1280.jpg","width":960,"height":1280},{"@type":"BreadcrumbList","@id":"https:\/\/arredareidee.com\/index.php\/2024\/04\/16\/arco-in-mattoni\/#breadcrumb","itemListElement":[{"@type":"ListItem","position":1,"name":"Home","item":"https:\/\/arredareidee.com\/"},{"@type":"ListItem","position":2,"name":"L&#8217;arco in mattoni"}]},{"@type":"WebSite","@id":"https:\/\/arredareidee.com\/#website","url":"https:\/\/arredareidee.com\/","name":"Arredareidee","description":"Decorazioni personalizzate","publisher":{"@id":"https:\/\/arredareidee.com\/#organization"},"potentialAction":[{"@type":"SearchAction","target":{"@type":"EntryPoint","urlTemplate":"https:\/\/arredareidee.com\/?s={search_term_string}"},"query-input":{"@type":"PropertyValueSpecification","valueRequired":true,"valueName":"search_term_string"}}],"inLanguage":"it-IT"},{"@type":"Organization","@id":"https:\/\/arredareidee.com\/#organization","name":"Arredareidee","url":"https:\/\/arredareidee.com\/","logo":{"@type":"ImageObject","inLanguage":"it-IT","@id":"https:\/\/arredareidee.com\/#\/schema\/logo\/image\/","url":"https:\/\/arredareidee.com\/wp-content\/uploads\/2021\/01\/cropped-Arredareidee.png","contentUrl":"https:\/\/arredareidee.com\/wp-content\/uploads\/2021\/01\/cropped-Arredareidee.png","width":868,"height":157,"caption":"Arredareidee"},"image":{"@id":"https:\/\/arredareidee.com\/#\/schema\/logo\/image\/"}},{"@type":"Person","@id":"https:\/\/arredareidee.com\/#\/schema\/person\/973e86a663c5fdaad7c0b2df61c74cb4","name":"Ylenia Alpino","image":{"@type":"ImageObject","inLanguage":"it-IT","@id":"https:\/\/arredareidee.com\/#\/schema\/person\/image\/","url":"https:\/\/secure.gravatar.com\/avatar\/cf6eb2c21ce9ad0169abec6cbcf759ef3df417399561a5c5cb1a416cb1c046bd?s=96&d=mm&r=g","contentUrl":"https:\/\/secure.gravatar.com\/avatar\/cf6eb2c21ce9ad0169abec6cbcf759ef3df417399561a5c5cb1a416cb1c046bd?s=96&d=mm&r=g","caption":"Ylenia Alpino"},"url":"https:\/\/arredareidee.com\/index.php\/author\/ylenia-alpino\/"}]}},"_links":{"self":[{"href":"https:\/\/arredareidee.com\/index.php\/wp-json\/wp\/v2\/posts\/127437","targetHints":{"allow":["GET"]}}],"collection":[{"href":"https:\/\/arredareidee.com\/index.php\/wp-json\/wp\/v2\/posts"}],"about":[{"href":"https:\/\/arredareidee.com\/index.php\/wp-json\/wp\/v2\/types\/post"}],"author":[{"embeddable":true,"href":"https:\/\/arredareidee.com\/index.php\/wp-json\/wp\/v2\/users\/2"}],"replies":[{"embeddable":true,"href":"https:\/\/arredareidee.com\/index.php\/wp-json\/wp\/v2\/comments?post=127437"}],"version-history":[{"count":2,"href":"https:\/\/arredareidee.com\/index.php\/wp-json\/wp\/v2\/posts\/127437\/revisions"}],"predecessor-version":[{"id":127439,"href":"https:\/\/arredareidee.com\/index.php\/wp-json\/wp\/v2\/posts\/127437\/revisions\/127439"}],"wp:featuredmedia":[{"embeddable":true,"href":"https:\/\/arredareidee.com\/index.php\/wp-json\/wp\/v2\/media\/127426"}],"wp:attachment":[{"href":"https:\/\/arredareidee.com\/index.php\/wp-json\/wp\/v2\/media?parent=127437"}],"wp:term":[{"taxonomy":"category","embeddable":true,"href":"https:\/\/arredareidee.com\/index.php\/wp-json\/wp\/v2\/categories?post=127437"},{"taxonomy":"post_tag","embeddable":true,"href":"https:\/\/arredareidee.com\/index.php\/wp-json\/wp\/v2\/tags?post=127437"}],"curies":[{"name":"wp","href":"https:\/\/api.w.org\/{rel}","templated":true}]}}