
{"id":125804,"date":"2022-10-24T09:32:58","date_gmt":"2022-10-24T09:32:58","guid":{"rendered":"https:\/\/arredareidee.com\/?p=125804"},"modified":"2022-10-24T09:32:58","modified_gmt":"2022-10-24T09:32:58","slug":"ll-cotto-artigianale-in-numerose-forme-personalizzabili","status":"publish","type":"post","link":"https:\/\/arredareidee.com\/index.php\/2022\/10\/24\/ll-cotto-artigianale-in-numerose-forme-personalizzabili\/","title":{"rendered":"ll cotto artigianale in numerose forme personalizzabili."},"content":{"rendered":"<p><img fetchpriority=\"high\" decoding=\"async\" class=\"aligncenter wp-image-125809 size-full\" src=\"https:\/\/arredareidee.com\/wp-content\/uploads\/2022\/10\/Elemento-per-Ringhiera-in-cotto.jpg\" alt=\"\" width=\"424\" height=\"346\" srcset=\"https:\/\/arredareidee.com\/wp-content\/uploads\/2022\/10\/Elemento-per-Ringhiera-in-cotto.jpg 424w, https:\/\/arredareidee.com\/wp-content\/uploads\/2022\/10\/Elemento-per-Ringhiera-in-cotto-300x245.jpg 300w\" sizes=\"(max-width: 424px) 100vw, 424px\" \/><\/p>\n<h2><span style=\"font-size: 18pt;\"><span style=\"color: #003366;\">ll cotto artigianale in numerose forme personalizzabili.<\/span><\/span><\/h2>\n<p><strong><span style=\"color: #003366; font-size: 14pt;\">La storia dell\u2019edilizia ha origini molto antiche, che risalgono addirittura all\u2019epoca dei fenici e se un tempo i mattoni in cotto rappresentavano la soluzione ideale per creare un perfetto connubio tra armonia e solidit\u00e0, oggi questi manufatti sono, per antonomasia, il simbolo dell\u2019ecologia grazie al loro impatto ambientale pari allo zero.<\/span><\/strong><img decoding=\"async\" class=\"size-medium wp-image-125807 alignright lazyload\" data-src=\"https:\/\/arredareidee.com\/wp-content\/uploads\/2022\/10\/Capitelli-in-cotto-1-300x224.jpg\" alt=\"\" width=\"300\" height=\"224\" data-srcset=\"https:\/\/arredareidee.com\/wp-content\/uploads\/2022\/10\/Capitelli-in-cotto-1-300x224.jpg 300w, https:\/\/arredareidee.com\/wp-content\/uploads\/2022\/10\/Capitelli-in-cotto-1.jpg 524w\" data-sizes=\"(max-width: 300px) 100vw, 300px\" src=\"data:image\/svg+xml;base64,PHN2ZyB3aWR0aD0iMSIgaGVpZ2h0PSIxIiB4bWxucz0iaHR0cDovL3d3dy53My5vcmcvMjAwMC9zdmciPjwvc3ZnPg==\" style=\"--smush-placeholder-width: 300px; --smush-placeholder-aspect-ratio: 300\/224;\" \/><\/p>\n<p><strong><span style=\"color: #003366; font-size: 14pt;\">Quando si parla di cotto, si fa riferimento a mattoni rigorosamente rifiniti a mano, che come da tradizione, richiedono trattamenti particolari e con un alto grado di artigianalit\u00e0.<\/span><\/strong><\/p>\n<p><strong><span style=\"color: #003366; font-size: 14pt;\">Eleganti e con un stile inconfondibile, li troviamo ancora in quei castelli di antica memoria o nelle case rupestri di quei contadini che badavano soprattutto, alla solidit\u00e0 e alla resistenza.<\/span><\/strong><\/p>\n<p><strong><span style=\"color: #003366; font-size: 14pt;\">Attualmente, i mattoni in cotto vengono utilizzati in infinite soluzioni non solo per la loro leggendaria durevolezza, ma anche per l\u2019eleganza e la raffinatezza che offrono.<\/span><\/strong><\/p>\n<p>&nbsp;<\/p>\n<p><img decoding=\"async\" class=\"wp-image-125808 alignleft lazyload\" data-src=\"https:\/\/arredareidee.com\/wp-content\/uploads\/2022\/10\/Capitello-corcolare-copri-colonna-300x219.jpg\" alt=\"\" width=\"242\" height=\"177\" data-srcset=\"https:\/\/arredareidee.com\/wp-content\/uploads\/2022\/10\/Capitello-corcolare-copri-colonna-300x219.jpg 300w, https:\/\/arredareidee.com\/wp-content\/uploads\/2022\/10\/Capitello-corcolare-copri-colonna.jpg 497w\" data-sizes=\"(max-width: 242px) 100vw, 242px\" src=\"data:image\/svg+xml;base64,PHN2ZyB3aWR0aD0iMSIgaGVpZ2h0PSIxIiB4bWxucz0iaHR0cDovL3d3dy53My5vcmcvMjAwMC9zdmciPjwvc3ZnPg==\" style=\"--smush-placeholder-width: 242px; --smush-placeholder-aspect-ratio: 242\/177;\" \/><\/p>\n<p><span style=\"color: #003366; font-size: 14pt;\">Le loro forme geometriche donano uno stile perfetto in qualsiasi contesto abitativo, sia interno che esterno e i trattamenti specifici a cui vengono sottoposti, <\/span><span style=\"color: #003366; font-size: 14pt;\">li rendono idonei a quel calpestio di vita frenetico che la quotidianit\u00e0 impone.<\/span><\/p>\n<p><span style=\"color: #003366; font-size: 14pt;\">Proprio in questo caso, l\u2019artigianalit\u00e0 ha un ruolo basilare, poich\u00e9 \u00e8 il maestro manifatturiero che rende il mattone adatto a qualsiasi esigenza e ne studia, <\/span><span style=\"color: #003366; font-size: 14pt;\">la posizione, la tonalit\u00e0 e la capacit\u00e0 di assorbimento. <\/span><span style=\"color: #003366; font-size: 14pt;\">Quando ci si rivolge a persone che hanno fatto del loro lavoro, uno stile di vita intriso di passione ed impegno, si avr\u00e0 la garanzia di ottenere un prodotto capace di valorizzare al massimo un ambiente, perch\u00e9 l\u2019impasto verr\u00e0 personalizzato a seconda dei gusti del cliente.<\/span><\/p>\n<p><span style=\"color: #003366; font-size: 14pt;\">Le forme variano e possono essere richieste anche in sagomature speciali, perch\u00e9 devono adattarsi a qualunque soluzione, come colonne, archi o portanti e non solo a pavimentazioni.<\/span><\/p>\n<p><span style=\"color: #003366; font-size: 14pt;\">Nel <strong>mattone di cotto<\/strong> si trovano i quattro elementi principali della natura: l\u2019argilla, l\u2019acqua, l\u2019aria ed il fuoco.<\/span><\/p>\n<p><span style=\"color: #003366; font-size: 14pt;\">L\u2019argilla che impastata con un elemento semplice come l\u2019acqua, viene lasciata essiccare all\u2019aria ed infine, resa forte dal fuoco.<\/span><img decoding=\"async\" class=\"size-medium wp-image-125805 alignright lazyload\" data-src=\"https:\/\/arredareidee.com\/wp-content\/uploads\/2022\/10\/Copri-muro-terminale-300x239.jpg\" alt=\"\" width=\"300\" height=\"239\" data-srcset=\"https:\/\/arredareidee.com\/wp-content\/uploads\/2022\/10\/Copri-muro-terminale-300x239.jpg 300w, https:\/\/arredareidee.com\/wp-content\/uploads\/2022\/10\/Copri-muro-terminale.jpg 400w\" data-sizes=\"(max-width: 300px) 100vw, 300px\" src=\"data:image\/svg+xml;base64,PHN2ZyB3aWR0aD0iMSIgaGVpZ2h0PSIxIiB4bWxucz0iaHR0cDovL3d3dy53My5vcmcvMjAwMC9zdmciPjwvc3ZnPg==\" style=\"--smush-placeholder-width: 300px; --smush-placeholder-aspect-ratio: 300\/239;\" \/><\/p>\n<p><span style=\"color: #003366; font-size: 14pt;\">Il risultato \u00e8 un <strong>mattone in cotto<\/strong> naturale, biologico, sorprendentemente scenografico e capace di valorizzare anche contesti abitativi modesti.<\/span><\/p>\n<p><span style=\"color: #003366; font-size: 14pt;\">Per i ritmi che la vita moderna ci impone, \u00e8 importante avvalersi di una ditta specializzata che offre l\u2019intervento di artigiani competenti e qualificati per esaltare un manufatto e renderlo pregiato.<\/span><\/p>\n<p><span style=\"color: #003366; font-size: 14pt;\">La bellezza \u00e8 certamente un punto di forza per<strong> un mattone in cotto,<\/strong> ma \u00e8 il trattamento personalizzato che conferisce al manufatto la giusta consistenza per resistere alle aggressioni del tempo, al calpestio e all\u2019usura.<\/span><\/p>\n<p>&nbsp;<\/p>\n<p><img decoding=\"async\" class=\"aligncenter wp-image-125811 lazyload\" data-src=\"https:\/\/arredareidee.com\/wp-content\/uploads\/2022\/10\/Mattone-pieno-cotto-fatto-a-mano.jpg\" alt=\"\" width=\"500\" height=\"445\" src=\"data:image\/svg+xml;base64,PHN2ZyB3aWR0aD0iMSIgaGVpZ2h0PSIxIiB4bWxucz0iaHR0cDovL3d3dy53My5vcmcvMjAwMC9zdmciPjwvc3ZnPg==\" style=\"--smush-placeholder-width: 500px; --smush-placeholder-aspect-ratio: 500\/445;\" \/><\/p>\n<p style=\"text-align: center;\"><span style=\"color: #003366; font-size: 14pt;\">Bellezza e praticit\u00e0 devono andare a braccetto, perch\u00e9 se un tempo il <strong>mattone in cotto<\/strong> era considerato un elemento per l\u2019edilizia povera, oggi assume un valore fondamentale sia in ambienti rupestri che moderni e di ultima concezione.<\/span><\/p>\n<p>&nbsp;<\/p>\n","protected":false},"excerpt":{"rendered":"<p>ll cotto artigianale in numerose forme personalizzabili. La storia dell\u2019edilizia ha origini molto antiche, che risalgono addirittura all\u2019epoca dei fenici e se un tempo i mattoni in cotto rappresentavano la<\/p>\n","protected":false},"author":2,"featured_media":125806,"comment_status":"closed","ping_status":"closed","sticky":false,"template":"","format":"standard","meta":{"footnotes":""},"categories":[106],"tags":[],"class_list":["post-125804","post","type-post","status-publish","format-standard","has-post-thumbnail","hentry","category-arredare-idee"],"yoast_head":"<!-- This site is optimized with the Yoast SEO plugin v26.4 - https:\/\/yoast.com\/wordpress\/plugins\/seo\/ -->\n<title>ll cotto artigianale in numerose forme personalizzabili. - Arredareidee<\/title>\n<meta name=\"description\" content=\"La storia dell\u2019edilizia ha origini molto antiche, che risalgono addirittura all\u2019epoca dei fenici e se un tempo i mattoni in cotto.\" \/>\n<meta name=\"robots\" content=\"index, follow, max-snippet:-1, max-image-preview:large, max-video-preview:-1\" \/>\n<link rel=\"canonical\" href=\"https:\/\/arredareidee.com\/index.php\/2022\/10\/24\/ll-cotto-artigianale-in-numerose-forme-personalizzabili\/\" \/>\n<meta property=\"og:locale\" content=\"it_IT\" \/>\n<meta property=\"og:type\" content=\"article\" \/>\n<meta property=\"og:title\" content=\"ll cotto artigianale in numerose forme personalizzabili. - Arredareidee\" \/>\n<meta property=\"og:description\" content=\"La storia dell\u2019edilizia ha origini molto antiche, che risalgono addirittura all\u2019epoca dei fenici e se un tempo i mattoni in cotto.\" \/>\n<meta property=\"og:url\" content=\"https:\/\/arredareidee.com\/index.php\/2022\/10\/24\/ll-cotto-artigianale-in-numerose-forme-personalizzabili\/\" \/>\n<meta property=\"og:site_name\" content=\"Arredareidee\" \/>\n<meta property=\"article:published_time\" content=\"2022-10-24T09:32:58+00:00\" \/>\n<meta property=\"og:image\" content=\"https:\/\/arredareidee.com\/wp-content\/uploads\/2022\/10\/Cotto-fatto-a-mano.jpg\" \/>\n\t<meta property=\"og:image:width\" content=\"768\" \/>\n\t<meta property=\"og:image:height\" content=\"576\" \/>\n\t<meta property=\"og:image:type\" content=\"image\/jpeg\" \/>\n<meta name=\"author\" content=\"Ylenia Alpino\" \/>\n<meta name=\"twitter:card\" content=\"summary_large_image\" \/>\n<meta name=\"twitter:label1\" content=\"Scritto da\" \/>\n\t<meta name=\"twitter:data1\" content=\"Ylenia Alpino\" \/>\n\t<meta name=\"twitter:label2\" content=\"Tempo di lettura stimato\" \/>\n\t<meta name=\"twitter:data2\" content=\"4 minuti\" \/>\n<script type=\"application\/ld+json\" class=\"yoast-schema-graph\">{\"@context\":\"https:\/\/schema.org\",\"@graph\":[{\"@type\":\"Article\",\"@id\":\"https:\/\/arredareidee.com\/index.php\/2022\/10\/24\/ll-cotto-artigianale-in-numerose-forme-personalizzabili\/#article\",\"isPartOf\":{\"@id\":\"https:\/\/arredareidee.com\/index.php\/2022\/10\/24\/ll-cotto-artigianale-in-numerose-forme-personalizzabili\/\"},\"author\":{\"name\":\"Ylenia Alpino\",\"@id\":\"https:\/\/arredareidee.com\/#\/schema\/person\/973e86a663c5fdaad7c0b2df61c74cb4\"},\"headline\":\"ll cotto artigianale in numerose forme personalizzabili.\",\"datePublished\":\"2022-10-24T09:32:58+00:00\",\"mainEntityOfPage\":{\"@id\":\"https:\/\/arredareidee.com\/index.php\/2022\/10\/24\/ll-cotto-artigianale-in-numerose-forme-personalizzabili\/\"},\"wordCount\":465,\"publisher\":{\"@id\":\"https:\/\/arredareidee.com\/#organization\"},\"image\":{\"@id\":\"https:\/\/arredareidee.com\/index.php\/2022\/10\/24\/ll-cotto-artigianale-in-numerose-forme-personalizzabili\/#primaryimage\"},\"thumbnailUrl\":\"https:\/\/arredareidee.com\/wp-content\/uploads\/2022\/10\/Cotto-fatto-a-mano.jpg\",\"articleSection\":[\"Blog\"],\"inLanguage\":\"it-IT\"},{\"@type\":\"WebPage\",\"@id\":\"https:\/\/arredareidee.com\/index.php\/2022\/10\/24\/ll-cotto-artigianale-in-numerose-forme-personalizzabili\/\",\"url\":\"https:\/\/arredareidee.com\/index.php\/2022\/10\/24\/ll-cotto-artigianale-in-numerose-forme-personalizzabili\/\",\"name\":\"ll cotto artigianale in numerose forme personalizzabili. - Arredareidee\",\"isPartOf\":{\"@id\":\"https:\/\/arredareidee.com\/#website\"},\"primaryImageOfPage\":{\"@id\":\"https:\/\/arredareidee.com\/index.php\/2022\/10\/24\/ll-cotto-artigianale-in-numerose-forme-personalizzabili\/#primaryimage\"},\"image\":{\"@id\":\"https:\/\/arredareidee.com\/index.php\/2022\/10\/24\/ll-cotto-artigianale-in-numerose-forme-personalizzabili\/#primaryimage\"},\"thumbnailUrl\":\"https:\/\/arredareidee.com\/wp-content\/uploads\/2022\/10\/Cotto-fatto-a-mano.jpg\",\"datePublished\":\"2022-10-24T09:32:58+00:00\",\"description\":\"La storia dell\u2019edilizia ha origini molto antiche, che risalgono addirittura all\u2019epoca dei fenici e se un tempo i mattoni in cotto.\",\"breadcrumb\":{\"@id\":\"https:\/\/arredareidee.com\/index.php\/2022\/10\/24\/ll-cotto-artigianale-in-numerose-forme-personalizzabili\/#breadcrumb\"},\"inLanguage\":\"it-IT\",\"potentialAction\":[{\"@type\":\"ReadAction\",\"target\":[\"https:\/\/arredareidee.com\/index.php\/2022\/10\/24\/ll-cotto-artigianale-in-numerose-forme-personalizzabili\/\"]}]},{\"@type\":\"ImageObject\",\"inLanguage\":\"it-IT\",\"@id\":\"https:\/\/arredareidee.com\/index.php\/2022\/10\/24\/ll-cotto-artigianale-in-numerose-forme-personalizzabili\/#primaryimage\",\"url\":\"https:\/\/arredareidee.com\/wp-content\/uploads\/2022\/10\/Cotto-fatto-a-mano.jpg\",\"contentUrl\":\"https:\/\/arredareidee.com\/wp-content\/uploads\/2022\/10\/Cotto-fatto-a-mano.jpg\",\"width\":768,\"height\":576},{\"@type\":\"BreadcrumbList\",\"@id\":\"https:\/\/arredareidee.com\/index.php\/2022\/10\/24\/ll-cotto-artigianale-in-numerose-forme-personalizzabili\/#breadcrumb\",\"itemListElement\":[{\"@type\":\"ListItem\",\"position\":1,\"name\":\"Home\",\"item\":\"https:\/\/arredareidee.com\/\"},{\"@type\":\"ListItem\",\"position\":2,\"name\":\"ll cotto artigianale in numerose forme personalizzabili.\"}]},{\"@type\":\"WebSite\",\"@id\":\"https:\/\/arredareidee.com\/#website\",\"url\":\"https:\/\/arredareidee.com\/\",\"name\":\"Arredareidee\",\"description\":\"Decorazioni personalizzate\",\"publisher\":{\"@id\":\"https:\/\/arredareidee.com\/#organization\"},\"potentialAction\":[{\"@type\":\"SearchAction\",\"target\":{\"@type\":\"EntryPoint\",\"urlTemplate\":\"https:\/\/arredareidee.com\/?s={search_term_string}\"},\"query-input\":{\"@type\":\"PropertyValueSpecification\",\"valueRequired\":true,\"valueName\":\"search_term_string\"}}],\"inLanguage\":\"it-IT\"},{\"@type\":\"Organization\",\"@id\":\"https:\/\/arredareidee.com\/#organization\",\"name\":\"Arredareidee\",\"url\":\"https:\/\/arredareidee.com\/\",\"logo\":{\"@type\":\"ImageObject\",\"inLanguage\":\"it-IT\",\"@id\":\"https:\/\/arredareidee.com\/#\/schema\/logo\/image\/\",\"url\":\"https:\/\/arredareidee.com\/wp-content\/uploads\/2021\/01\/cropped-Arredareidee.png\",\"contentUrl\":\"https:\/\/arredareidee.com\/wp-content\/uploads\/2021\/01\/cropped-Arredareidee.png\",\"width\":868,\"height\":157,\"caption\":\"Arredareidee\"},\"image\":{\"@id\":\"https:\/\/arredareidee.com\/#\/schema\/logo\/image\/\"}},{\"@type\":\"Person\",\"@id\":\"https:\/\/arredareidee.com\/#\/schema\/person\/973e86a663c5fdaad7c0b2df61c74cb4\",\"name\":\"Ylenia Alpino\",\"image\":{\"@type\":\"ImageObject\",\"inLanguage\":\"it-IT\",\"@id\":\"https:\/\/arredareidee.com\/#\/schema\/person\/image\/\",\"url\":\"https:\/\/secure.gravatar.com\/avatar\/cf6eb2c21ce9ad0169abec6cbcf759ef3df417399561a5c5cb1a416cb1c046bd?s=96&d=mm&r=g\",\"contentUrl\":\"https:\/\/secure.gravatar.com\/avatar\/cf6eb2c21ce9ad0169abec6cbcf759ef3df417399561a5c5cb1a416cb1c046bd?s=96&d=mm&r=g\",\"caption\":\"Ylenia Alpino\"},\"url\":\"https:\/\/arredareidee.com\/index.php\/author\/ylenia-alpino\/\"}]}<\/script>\n<!-- \/ Yoast SEO plugin. -->","yoast_head_json":{"title":"ll cotto artigianale in numerose forme personalizzabili. - Arredareidee","description":"La storia dell\u2019edilizia ha origini molto antiche, che risalgono addirittura all\u2019epoca dei fenici e se un tempo i mattoni in cotto.","robots":{"index":"index","follow":"follow","max-snippet":"max-snippet:-1","max-image-preview":"max-image-preview:large","max-video-preview":"max-video-preview:-1"},"canonical":"https:\/\/arredareidee.com\/index.php\/2022\/10\/24\/ll-cotto-artigianale-in-numerose-forme-personalizzabili\/","og_locale":"it_IT","og_type":"article","og_title":"ll cotto artigianale in numerose forme personalizzabili. - Arredareidee","og_description":"La storia dell\u2019edilizia ha origini molto antiche, che risalgono addirittura all\u2019epoca dei fenici e se un tempo i mattoni in cotto.","og_url":"https:\/\/arredareidee.com\/index.php\/2022\/10\/24\/ll-cotto-artigianale-in-numerose-forme-personalizzabili\/","og_site_name":"Arredareidee","article_published_time":"2022-10-24T09:32:58+00:00","og_image":[{"width":768,"height":576,"url":"https:\/\/arredareidee.com\/wp-content\/uploads\/2022\/10\/Cotto-fatto-a-mano.jpg","type":"image\/jpeg"}],"author":"Ylenia Alpino","twitter_card":"summary_large_image","twitter_misc":{"Scritto da":"Ylenia Alpino","Tempo di lettura stimato":"4 minuti"},"schema":{"@context":"https:\/\/schema.org","@graph":[{"@type":"Article","@id":"https:\/\/arredareidee.com\/index.php\/2022\/10\/24\/ll-cotto-artigianale-in-numerose-forme-personalizzabili\/#article","isPartOf":{"@id":"https:\/\/arredareidee.com\/index.php\/2022\/10\/24\/ll-cotto-artigianale-in-numerose-forme-personalizzabili\/"},"author":{"name":"Ylenia Alpino","@id":"https:\/\/arredareidee.com\/#\/schema\/person\/973e86a663c5fdaad7c0b2df61c74cb4"},"headline":"ll cotto artigianale in numerose forme personalizzabili.","datePublished":"2022-10-24T09:32:58+00:00","mainEntityOfPage":{"@id":"https:\/\/arredareidee.com\/index.php\/2022\/10\/24\/ll-cotto-artigianale-in-numerose-forme-personalizzabili\/"},"wordCount":465,"publisher":{"@id":"https:\/\/arredareidee.com\/#organization"},"image":{"@id":"https:\/\/arredareidee.com\/index.php\/2022\/10\/24\/ll-cotto-artigianale-in-numerose-forme-personalizzabili\/#primaryimage"},"thumbnailUrl":"https:\/\/arredareidee.com\/wp-content\/uploads\/2022\/10\/Cotto-fatto-a-mano.jpg","articleSection":["Blog"],"inLanguage":"it-IT"},{"@type":"WebPage","@id":"https:\/\/arredareidee.com\/index.php\/2022\/10\/24\/ll-cotto-artigianale-in-numerose-forme-personalizzabili\/","url":"https:\/\/arredareidee.com\/index.php\/2022\/10\/24\/ll-cotto-artigianale-in-numerose-forme-personalizzabili\/","name":"ll cotto artigianale in numerose forme personalizzabili. - Arredareidee","isPartOf":{"@id":"https:\/\/arredareidee.com\/#website"},"primaryImageOfPage":{"@id":"https:\/\/arredareidee.com\/index.php\/2022\/10\/24\/ll-cotto-artigianale-in-numerose-forme-personalizzabili\/#primaryimage"},"image":{"@id":"https:\/\/arredareidee.com\/index.php\/2022\/10\/24\/ll-cotto-artigianale-in-numerose-forme-personalizzabili\/#primaryimage"},"thumbnailUrl":"https:\/\/arredareidee.com\/wp-content\/uploads\/2022\/10\/Cotto-fatto-a-mano.jpg","datePublished":"2022-10-24T09:32:58+00:00","description":"La storia dell\u2019edilizia ha origini molto antiche, che risalgono addirittura all\u2019epoca dei fenici e se un tempo i mattoni in cotto.","breadcrumb":{"@id":"https:\/\/arredareidee.com\/index.php\/2022\/10\/24\/ll-cotto-artigianale-in-numerose-forme-personalizzabili\/#breadcrumb"},"inLanguage":"it-IT","potentialAction":[{"@type":"ReadAction","target":["https:\/\/arredareidee.com\/index.php\/2022\/10\/24\/ll-cotto-artigianale-in-numerose-forme-personalizzabili\/"]}]},{"@type":"ImageObject","inLanguage":"it-IT","@id":"https:\/\/arredareidee.com\/index.php\/2022\/10\/24\/ll-cotto-artigianale-in-numerose-forme-personalizzabili\/#primaryimage","url":"https:\/\/arredareidee.com\/wp-content\/uploads\/2022\/10\/Cotto-fatto-a-mano.jpg","contentUrl":"https:\/\/arredareidee.com\/wp-content\/uploads\/2022\/10\/Cotto-fatto-a-mano.jpg","width":768,"height":576},{"@type":"BreadcrumbList","@id":"https:\/\/arredareidee.com\/index.php\/2022\/10\/24\/ll-cotto-artigianale-in-numerose-forme-personalizzabili\/#breadcrumb","itemListElement":[{"@type":"ListItem","position":1,"name":"Home","item":"https:\/\/arredareidee.com\/"},{"@type":"ListItem","position":2,"name":"ll cotto artigianale in numerose forme personalizzabili."}]},{"@type":"WebSite","@id":"https:\/\/arredareidee.com\/#website","url":"https:\/\/arredareidee.com\/","name":"Arredareidee","description":"Decorazioni personalizzate","publisher":{"@id":"https:\/\/arredareidee.com\/#organization"},"potentialAction":[{"@type":"SearchAction","target":{"@type":"EntryPoint","urlTemplate":"https:\/\/arredareidee.com\/?s={search_term_string}"},"query-input":{"@type":"PropertyValueSpecification","valueRequired":true,"valueName":"search_term_string"}}],"inLanguage":"it-IT"},{"@type":"Organization","@id":"https:\/\/arredareidee.com\/#organization","name":"Arredareidee","url":"https:\/\/arredareidee.com\/","logo":{"@type":"ImageObject","inLanguage":"it-IT","@id":"https:\/\/arredareidee.com\/#\/schema\/logo\/image\/","url":"https:\/\/arredareidee.com\/wp-content\/uploads\/2021\/01\/cropped-Arredareidee.png","contentUrl":"https:\/\/arredareidee.com\/wp-content\/uploads\/2021\/01\/cropped-Arredareidee.png","width":868,"height":157,"caption":"Arredareidee"},"image":{"@id":"https:\/\/arredareidee.com\/#\/schema\/logo\/image\/"}},{"@type":"Person","@id":"https:\/\/arredareidee.com\/#\/schema\/person\/973e86a663c5fdaad7c0b2df61c74cb4","name":"Ylenia Alpino","image":{"@type":"ImageObject","inLanguage":"it-IT","@id":"https:\/\/arredareidee.com\/#\/schema\/person\/image\/","url":"https:\/\/secure.gravatar.com\/avatar\/cf6eb2c21ce9ad0169abec6cbcf759ef3df417399561a5c5cb1a416cb1c046bd?s=96&d=mm&r=g","contentUrl":"https:\/\/secure.gravatar.com\/avatar\/cf6eb2c21ce9ad0169abec6cbcf759ef3df417399561a5c5cb1a416cb1c046bd?s=96&d=mm&r=g","caption":"Ylenia Alpino"},"url":"https:\/\/arredareidee.com\/index.php\/author\/ylenia-alpino\/"}]}},"_links":{"self":[{"href":"https:\/\/arredareidee.com\/index.php\/wp-json\/wp\/v2\/posts\/125804","targetHints":{"allow":["GET"]}}],"collection":[{"href":"https:\/\/arredareidee.com\/index.php\/wp-json\/wp\/v2\/posts"}],"about":[{"href":"https:\/\/arredareidee.com\/index.php\/wp-json\/wp\/v2\/types\/post"}],"author":[{"embeddable":true,"href":"https:\/\/arredareidee.com\/index.php\/wp-json\/wp\/v2\/users\/2"}],"replies":[{"embeddable":true,"href":"https:\/\/arredareidee.com\/index.php\/wp-json\/wp\/v2\/comments?post=125804"}],"version-history":[{"count":4,"href":"https:\/\/arredareidee.com\/index.php\/wp-json\/wp\/v2\/posts\/125804\/revisions"}],"predecessor-version":[{"id":125815,"href":"https:\/\/arredareidee.com\/index.php\/wp-json\/wp\/v2\/posts\/125804\/revisions\/125815"}],"wp:featuredmedia":[{"embeddable":true,"href":"https:\/\/arredareidee.com\/index.php\/wp-json\/wp\/v2\/media\/125806"}],"wp:attachment":[{"href":"https:\/\/arredareidee.com\/index.php\/wp-json\/wp\/v2\/media?parent=125804"}],"wp:term":[{"taxonomy":"category","embeddable":true,"href":"https:\/\/arredareidee.com\/index.php\/wp-json\/wp\/v2\/categories?post=125804"},{"taxonomy":"post_tag","embeddable":true,"href":"https:\/\/arredareidee.com\/index.php\/wp-json\/wp\/v2\/tags?post=125804"}],"curies":[{"name":"wp","href":"https:\/\/api.w.org\/{rel}","templated":true}]}}